{"id":16389,"date":"2017-08-14T15:51:01","date_gmt":"2017-08-14T22:51:01","guid":{"rendered":"https:\/\/violencefreecolorado.org\/declaracion-de-colorado-libre-de-violencia-tras-los-sucesos-de-charlottesville\/"},"modified":"2017-08-14T15:51:01","modified_gmt":"2017-08-14T22:51:01","slug":"declaracion-de-colorado-libre-de-violencia-tras-los-sucesos-de-charlottesville","status":"publish","type":"post","link":"https:\/\/violencefreecolorado.org\/es\/declaracion-de-colorado-libre-de-violencia-tras-los-sucesos-de-charlottesville\/","title":{"rendered":"Declaraci\u00f3n de Colorado Libre de Violencia tras los sucesos de Charlottesville"},"content":{"rendered":"<p><span style=\"color: #800080;\">La Junta y el personal de Colorado Libre de Violencia est\u00e1n con la comunidad de Charlottesville, Virginia, con el pueblo de Guam y con otras personas de nuestro pa\u00eds y del mundo que sufren violencia, odio y discriminaci\u00f3n a diario. Trabajamos para desmantelar los sistemas que promueven, apoyan o toleran la opresi\u00f3n. La violencia de g\u00e9nero tiene sus ra\u00edces en la opresi\u00f3n. S\u00f3lo acabaremos con la violencia dom\u00e9stica y sexual creando equidad para todos. En palabras de Audre Lorde: \u00abNo hay jerarqu\u00eda de opresi\u00f3n\u00bb.    <\/span><\/p>\n<p><strong>Puedes levantarte con nosotros.<\/strong><\/p>\n<p>Empieza por:<\/p>\n<ul>\n<li>Estar dispuesto a tolerar la incomodidad asociada a una valoraci\u00f3n y un debate honestos sobre nuestra superioridad interiorizada y nuestros privilegios raciales.<\/li>\n<li>Cuestionar nuestra propia realidad racial reconoci\u00e9ndonos como seres raciales con una perspectiva particular y limitada sobre la raza.<\/li>\n<\/ul>\n<p>Para ver el resto de la lista y m\u00e1s contexto sobre por qu\u00e9 este paso es fundamental, consulta el art\u00edculo completo en: <a href=\"https:\/\/tinyurl.com\/standup2oppression\">https:\/\/tinyurl.com\/standup2oppression<\/a> (de la Dra. Robin DiAngelo y el Good Men Project)<\/p>\n","protected":false},"excerpt":{"rendered":"<p>La Junta y el personal de Colorado Libre de Violencia est\u00e1n con la comunidad de Charlottesville, Virginia, con el pueblo de Guam y con otras personas de nuestro pa\u00eds y [&hellip;]<\/p>\n","protected":false},"author":1,"featured_media":0,"comment_status":"open","ping_status":"closed","sticky":false,"template":"","format":"standard","meta":{"_acf_changed":false,"inline_featured_image":false,"site-sidebar-layout":"default","site-content-layout":"","ast-site-content-layout":"default","site-content-style":"default","site-sidebar-style":"default","ast-global-header-display":"","ast-banner-title-visibility":"","ast-main-header-display":"","ast-hfb-above-header-display":"","ast-hfb-below-header-display":"","ast-hfb-mobile-header-display":"","site-post-title":"","ast-breadcrumbs-content":"","ast-featured-img":"","footer-sml-layout":"","ast-disable-related-posts":"","theme-transparent-header-meta":"","adv-header-id-meta":"","stick-header-meta":"","header-above-stick-meta":"","header-main-stick-meta":"","header-below-stick-meta":"","astra-migrate-meta-layouts":"default","ast-page-background-enabled":"default","ast-page-background-meta":{"desktop":{"background-color":"var(--ast-global-color-4)","background-image":"","background-repeat":"repeat","background-position":"center center","background-size":"auto","background-attachment":"scroll","background-type":"","background-media":"","overlay-type":"","overlay-color":"","overlay-opacity":"","overlay-gradient":""},"tablet":{"background-color":"","background-image":"","background-repeat":"repeat","background-position":"center center","background-size":"auto","background-attachment":"scroll","background-type":"","background-media":"","overlay-type":"","overlay-color":"","overlay-opacity":"","overlay-gradient":""},"mobile":{"background-color":"","background-image":"","background-repeat":"repeat","background-position":"center center","background-size":"auto","background-attachment":"scroll","background-type":"","background-media":"","overlay-type":"","overlay-color":"","overlay-opacity":"","overlay-gradient":""}},"ast-content-background-meta":{"desktop":{"background-color":"var(--ast-global-color-5)","background-image":"","background-repeat":"repeat","background-position":"center center","background-size":"auto","background-attachment":"scroll","background-type":"","background-media":"","overlay-type":"","overlay-color":"","overlay-opacity":"","overlay-gradient":""},"tablet":{"background-color":"var(--ast-global-color-5)","background-image":"","background-repeat":"repeat","background-position":"center center","background-size":"auto","background-attachment":"scroll","background-type":"","background-media":"","overlay-type":"","overlay-color":"","overlay-opacity":"","overlay-gradient":""},"mobile":{"background-color":"var(--ast-global-color-5)","background-image":"","background-repeat":"repeat","background-position":"center center","background-size":"auto","background-attachment":"scroll","background-type":"","background-media":"","overlay-type":"","overlay-color":"","overlay-opacity":"","overlay-gradient":""}},"footnotes":""},"categories":[152],"tags":[],"class_list":["post-16389","post","type-post","status-publish","format-standard","hentry","category-anuncios"],"acf":[],"_links":{"self":[{"href":"https:\/\/violencefreecolorado.org\/es\/wp-json\/wp\/v2\/posts\/16389","targetHints":{"allow":["GET"]}}],"collection":[{"href":"https:\/\/violencefreecolorado.org\/es\/wp-json\/wp\/v2\/posts"}],"about":[{"href":"https:\/\/violencefreecolorado.org\/es\/wp-json\/wp\/v2\/types\/post"}],"author":[{"embeddable":true,"href":"https:\/\/violencefreecolorado.org\/es\/wp-json\/wp\/v2\/users\/1"}],"replies":[{"embeddable":true,"href":"https:\/\/violencefreecolorado.org\/es\/wp-json\/wp\/v2\/comments?post=16389"}],"version-history":[{"count":0,"href":"https:\/\/violencefreecolorado.org\/es\/wp-json\/wp\/v2\/posts\/16389\/revisions"}],"wp:attachment":[{"href":"https:\/\/violencefreecolorado.org\/es\/wp-json\/wp\/v2\/media?parent=16389"}],"wp:term":[{"taxonomy":"category","embeddable":true,"href":"https:\/\/violencefreecolorado.org\/es\/wp-json\/wp\/v2\/categories?post=16389"},{"taxonomy":"post_tag","embeddable":true,"href":"https:\/\/violencefreecolorado.org\/es\/wp-json\/wp\/v2\/tags?post=16389"}],"curies":[{"name":"wp","href":"https:\/\/api.w.org\/{rel}","templated":true}]}}