{"id":16181,"date":"2014-05-20T09:39:16","date_gmt":"2014-05-20T16:39:16","guid":{"rendered":"https:\/\/violencefreecolorado.org\/colorado-libre-de-violencia-anuncia-nuevo-director-ejecutivo\/"},"modified":"2014-05-20T09:39:16","modified_gmt":"2014-05-20T16:39:16","slug":"colorado-libre-de-violencia-anuncia-nuevo-director-ejecutivo","status":"publish","type":"post","link":"https:\/\/violencefreecolorado.org\/es\/colorado-libre-de-violencia-anuncia-nuevo-director-ejecutivo\/","title":{"rendered":"\u00a1Colorado Libre de Violencia Anuncia Nuevo Director Ejecutivo!"},"content":{"rendered":"<p><a href=\"https:\/\/www.violencefreecolorado.org\/wp-content\/uploads\/2013\/11\/amy.jpg\"><img fetchpriority=\"high\" decoding=\"async\" class=\"alignnone size-medium wp-image-1273\" src=\"https:\/\/www.violencefreecolorado.org\/wp-content\/uploads\/2013\/11\/amy-220x300.jpg\" alt=\"amy\" width=\"220\" height=\"300\"><\/a><\/p>\n<p>La Junta Directiva de Violence Free Colorado se complace en anunciar que Amy Miller ha aceptado el cargo de Directora Ejecutiva de Violence Free Colorado. Comenzar\u00e1 a desempe\u00f1ar su nuevo cargo en junio. <\/p>\n<p>Amy ha sido Directora de Pol\u00edticas P\u00fablicas de Violence Free Colorado durante los \u00faltimos seis a\u00f1os y aporta una gran cantidad de conocimientos y experiencia en el campo de la defensa de las v\u00edctimas de la violencia dom\u00e9stica. Tiene m\u00e1s de 14 a\u00f1os de experiencia en servicios directos para supervivientes de violencia dom\u00e9stica y agresi\u00f3n sexual y como defensora de la justicia social. Desempe\u00f1\u00f3 los cargos de Coordinadora de Defensa y Asistencia Jur\u00eddica y, posteriormente, de Directora de Servicios al Cliente en Project Safeguard. Amy comenz\u00f3 su trabajo en este campo como terapeuta de abusos sexuales en Savio House.   <\/p>\n<p>La decisi\u00f3n de contratar a Amy llega tras un proceso de b\u00fasqueda muy exhaustivo. Colorado Libre de Violencia public\u00f3 el puesto a escala nacional a trav\u00e9s de diversos recursos. Recibimos m\u00e1s de 30 solicitudes para el puesto y entrevistamos a candidatos de todo Colorado y Estados Unidos. Nos gustar\u00eda aprovechar esta oportunidad para dar las gracias de nuevo a todos los profesionales que se presentaron para este puesto. Nos sentimos honrados de contar con un grupo tan s\u00f3lido de candidatos entre los que tomar esta importante decisi\u00f3n.    <\/p>\n<p>Por favor, \u00fanete a la Junta Directiva de Violence Free Colorado para dar la bienvenida a Amy en su nuevo cargo mientras sigue haciendo avanzar a Violence Free Colorado en su misi\u00f3n de inspirar a Colorado para acabar con la violencia dom\u00e9stica.<\/p>\n","protected":false},"excerpt":{"rendered":"<p>La Junta Directiva de Violence Free Colorado se complace en anunciar que Amy Miller ha aceptado el cargo de Directora Ejecutiva de Violence Free Colorado. Comenzar\u00e1 a desempe\u00f1ar su nuevo [&hellip;]<\/p>\n","protected":false},"author":1,"featured_media":0,"comment_status":"open","ping_status":"closed","sticky":false,"template":"","format":"standard","meta":{"_acf_changed":false,"inline_featured_image":false,"site-sidebar-layout":"default","site-content-layout":"","ast-site-content-layout":"default","site-content-style":"default","site-sidebar-style":"default","ast-global-header-display":"","ast-banner-title-visibility":"","ast-main-header-display":"","ast-hfb-above-header-display":"","ast-hfb-below-header-display":"","ast-hfb-mobile-header-display":"","site-post-title":"","ast-breadcrumbs-content":"","ast-featured-img":"","footer-sml-layout":"","ast-disable-related-posts":"","theme-transparent-header-meta":"","adv-header-id-meta":"","stick-header-meta":"","header-above-stick-meta":"","header-main-stick-meta":"","header-below-stick-meta":"","astra-migrate-meta-layouts":"default","ast-page-background-enabled":"default","ast-page-background-meta":{"desktop":{"background-color":"var(--ast-global-color-4)","background-image":"","background-repeat":"repeat","background-position":"center center","background-size":"auto","background-attachment":"scroll","background-type":"","background-media":"","overlay-type":"","overlay-color":"","overlay-opacity":"","overlay-gradient":""},"tablet":{"background-color":"","background-image":"","background-repeat":"repeat","background-position":"center center","background-size":"auto","background-attachment":"scroll","background-type":"","background-media":"","overlay-type":"","overlay-color":"","overlay-opacity":"","overlay-gradient":""},"mobile":{"background-color":"","background-image":"","background-repeat":"repeat","background-position":"center center","background-size":"auto","background-attachment":"scroll","background-type":"","background-media":"","overlay-type":"","overlay-color":"","overlay-opacity":"","overlay-gradient":""}},"ast-content-background-meta":{"desktop":{"background-color":"var(--ast-global-color-5)","background-image":"","background-repeat":"repeat","background-position":"center center","background-size":"auto","background-attachment":"scroll","background-type":"","background-media":"","overlay-type":"","overlay-color":"","overlay-opacity":"","overlay-gradient":""},"tablet":{"background-color":"var(--ast-global-color-5)","background-image":"","background-repeat":"repeat","background-position":"center center","background-size":"auto","background-attachment":"scroll","background-type":"","background-media":"","overlay-type":"","overlay-color":"","overlay-opacity":"","overlay-gradient":""},"mobile":{"background-color":"var(--ast-global-color-5)","background-image":"","background-repeat":"repeat","background-position":"center center","background-size":"auto","background-attachment":"scroll","background-type":"","background-media":"","overlay-type":"","overlay-color":"","overlay-opacity":"","overlay-gradient":""}},"footnotes":""},"categories":[152],"tags":[],"class_list":["post-16181","post","type-post","status-publish","format-standard","hentry","category-anuncios"],"acf":[],"_links":{"self":[{"href":"https:\/\/violencefreecolorado.org\/es\/wp-json\/wp\/v2\/posts\/16181","targetHints":{"allow":["GET"]}}],"collection":[{"href":"https:\/\/violencefreecolorado.org\/es\/wp-json\/wp\/v2\/posts"}],"about":[{"href":"https:\/\/violencefreecolorado.org\/es\/wp-json\/wp\/v2\/types\/post"}],"author":[{"embeddable":true,"href":"https:\/\/violencefreecolorado.org\/es\/wp-json\/wp\/v2\/users\/1"}],"replies":[{"embeddable":true,"href":"https:\/\/violencefreecolorado.org\/es\/wp-json\/wp\/v2\/comments?post=16181"}],"version-history":[{"count":0,"href":"https:\/\/violencefreecolorado.org\/es\/wp-json\/wp\/v2\/posts\/16181\/revisions"}],"wp:attachment":[{"href":"https:\/\/violencefreecolorado.org\/es\/wp-json\/wp\/v2\/media?parent=16181"}],"wp:term":[{"taxonomy":"category","embeddable":true,"href":"https:\/\/violencefreecolorado.org\/es\/wp-json\/wp\/v2\/categories?post=16181"},{"taxonomy":"post_tag","embeddable":true,"href":"https:\/\/violencefreecolorado.org\/es\/wp-json\/wp\/v2\/tags?post=16181"}],"curies":[{"name":"wp","href":"https:\/\/api.w.org\/{rel}","templated":true}]}}