{"id":16178,"date":"2014-04-01T16:14:04","date_gmt":"2014-04-01T23:14:04","guid":{"rendered":"https:\/\/violencefreecolorado.org\/abril-es-el-mes-de-la-prevencion-del-maltrato-infantil\/"},"modified":"2026-04-07T09:02:04","modified_gmt":"2026-04-07T16:02:04","slug":"abril-es-el-mes-de-la-prevencion-del-maltrato-infantil","status":"publish","type":"post","link":"https:\/\/violencefreecolorado.org\/es\/abril-es-el-mes-de-la-prevencion-del-maltrato-infantil\/","title":{"rendered":"Abril es el Mes de la Prevenci\u00f3n del Maltrato Infantil"},"content":{"rendered":"<p>Abril es el Mes de la Prevenci\u00f3n del Maltrato Infantil. La elevada coocurrencia del maltrato infantil y la violencia dom\u00e9stica es indiscutible. Adem\u00e1s, incluso presenciar la violencia dom\u00e9stica lleva a los ni\u00f1os a mostrar s\u00edntomas y comportamientos que imitan a los de quienes han sufrido ellos mismos malos tratos f\u00edsicos.  <\/p>\n<p>Los hechos*:<\/p>\n<ul>\n<li>Ser testigo de violencia entre los propios padres o cuidadores es el factor de riesgo m\u00e1s fuerte de transmisi\u00f3n de conductas violentas de una generaci\u00f3n a otra.<\/li>\n<li>Los ni\u00f1os que presencian violencia dom\u00e9stica tienen el doble de probabilidades de maltratar a sus propias parejas e hijos cuando sean adultos<\/li>\n<li>Entre el 30% y el 60% de los autores de violencia de pareja tambi\u00e9n maltratan a los ni\u00f1os de la casa.<\/li>\n<\/ul>\n<p>El elemento m\u00e1s importante para ayudar a los ni\u00f1os a progresar de forma positiva a pesar de su historia de\/exposici\u00f3n al maltrato, es una relaci\u00f3n fuerte y enriquecedora con un progenitor no violento. As\u00ed que este mes nos centramos en promover la crianza de los ni\u00f1os en nuestras comunidades: \u00a1 <a href=\"https:\/\/www.violencefreecolorado.org\/wp-content\/uploads\/2014\/04\/CAPM-pinwheel-worksheet.pdf\">Crea un Molinete de la Crianza de los Ni\u00f1os<\/a>! <\/p>\n<p>*<a href=\"http:\/\/www.ncadv.org\/files\/DomesticViolenceFactSheet(National).pdf\">M\u00e1s informaci\u00f3n<\/a><\/p>\n","protected":false},"excerpt":{"rendered":"<p>Abril es el Mes de la Prevenci\u00f3n del Maltrato Infantil. La elevada coocurrencia del maltrato infantil y la violencia dom\u00e9stica es indiscutible. Adem\u00e1s, incluso presenciar la violencia dom\u00e9stica lleva a [&hellip;]<\/p>\n","protected":false},"author":1,"featured_media":0,"comment_status":"open","ping_status":"closed","sticky":false,"template":"","format":"standard","meta":{"_acf_changed":false,"inline_featured_image":false,"site-sidebar-layout":"default","site-content-layout":"","ast-site-content-layout":"default","site-content-style":"default","site-sidebar-style":"default","ast-global-header-display":"","ast-banner-title-visibility":"","ast-main-header-display":"","ast-hfb-above-header-display":"","ast-hfb-below-header-display":"","ast-hfb-mobile-header-display":"","site-post-title":"","ast-breadcrumbs-content":"","ast-featured-img":"","footer-sml-layout":"","ast-disable-related-posts":"","theme-transparent-header-meta":"","adv-header-id-meta":"","stick-header-meta":"","header-above-stick-meta":"","header-main-stick-meta":"","header-below-stick-meta":"","astra-migrate-meta-layouts":"default","ast-page-background-enabled":"default","ast-page-background-meta":{"desktop":{"background-color":"var(--ast-global-color-4)","background-image":"","background-repeat":"repeat","background-position":"center center","background-size":"auto","background-attachment":"scroll","background-type":"","background-media":"","overlay-type":"","overlay-color":"","overlay-opacity":"","overlay-gradient":""},"tablet":{"background-color":"","background-image":"","background-repeat":"repeat","background-position":"center center","background-size":"auto","background-attachment":"scroll","background-type":"","background-media":"","overlay-type":"","overlay-color":"","overlay-opacity":"","overlay-gradient":""},"mobile":{"background-color":"","background-image":"","background-repeat":"repeat","background-position":"center center","background-size":"auto","background-attachment":"scroll","background-type":"","background-media":"","overlay-type":"","overlay-color":"","overlay-opacity":"","overlay-gradient":""}},"ast-content-background-meta":{"desktop":{"background-color":"var(--ast-global-color-5)","background-image":"","background-repeat":"repeat","background-position":"center center","background-size":"auto","background-attachment":"scroll","background-type":"","background-media":"","overlay-type":"","overlay-color":"","overlay-opacity":"","overlay-gradient":""},"tablet":{"background-color":"var(--ast-global-color-5)","background-image":"","background-repeat":"repeat","background-position":"center center","background-size":"auto","background-attachment":"scroll","background-type":"","background-media":"","overlay-type":"","overlay-color":"","overlay-opacity":"","overlay-gradient":""},"mobile":{"background-color":"var(--ast-global-color-5)","background-image":"","background-repeat":"repeat","background-position":"center center","background-size":"auto","background-attachment":"scroll","background-type":"","background-media":"","overlay-type":"","overlay-color":"","overlay-opacity":"","overlay-gradient":""}},"footnotes":""},"categories":[152],"tags":[],"class_list":["post-16178","post","type-post","status-publish","format-standard","hentry","category-anuncios"],"acf":[],"_links":{"self":[{"href":"https:\/\/violencefreecolorado.org\/es\/wp-json\/wp\/v2\/posts\/16178","targetHints":{"allow":["GET"]}}],"collection":[{"href":"https:\/\/violencefreecolorado.org\/es\/wp-json\/wp\/v2\/posts"}],"about":[{"href":"https:\/\/violencefreecolorado.org\/es\/wp-json\/wp\/v2\/types\/post"}],"author":[{"embeddable":true,"href":"https:\/\/violencefreecolorado.org\/es\/wp-json\/wp\/v2\/users\/1"}],"replies":[{"embeddable":true,"href":"https:\/\/violencefreecolorado.org\/es\/wp-json\/wp\/v2\/comments?post=16178"}],"version-history":[{"count":1,"href":"https:\/\/violencefreecolorado.org\/es\/wp-json\/wp\/v2\/posts\/16178\/revisions"}],"predecessor-version":[{"id":16196,"href":"https:\/\/violencefreecolorado.org\/es\/wp-json\/wp\/v2\/posts\/16178\/revisions\/16196"}],"wp:attachment":[{"href":"https:\/\/violencefreecolorado.org\/es\/wp-json\/wp\/v2\/media?parent=16178"}],"wp:term":[{"taxonomy":"category","embeddable":true,"href":"https:\/\/violencefreecolorado.org\/es\/wp-json\/wp\/v2\/categories?post=16178"},{"taxonomy":"post_tag","embeddable":true,"href":"https:\/\/violencefreecolorado.org\/es\/wp-json\/wp\/v2\/tags?post=16178"}],"curies":[{"name":"wp","href":"https:\/\/api.w.org\/{rel}","templated":true}]}}