{"id":16151,"date":"2024-10-14T11:18:06","date_gmt":"2024-10-14T18:18:06","guid":{"rendered":"https:\/\/violencefreecolorado.org\/anuncio-del-caia-7-3-2024\/"},"modified":"2024-10-14T11:18:06","modified_gmt":"2024-10-14T18:18:06","slug":"anuncio-del-caia-7-3-2024","status":"publish","type":"post","link":"https:\/\/violencefreecolorado.org\/es\/anuncio-del-caia-7-3-2024\/","title":{"rendered":"Anuncio del CAIA 7\/3\/2024"},"content":{"rendered":"<table id=\"x_block_ibhrppii\" class=\"x_e2ma-block-outer\" border=\"0\" width=\"100%\" cellspacing=\"0\" cellpadding=\"0\">\n<tbody>\n<tr>\n<td class=\"x_e2ma-wrapper x_e2ma-image-td\" valign=\"top\">\n<table border=\"0\" width=\"100%\" cellspacing=\"0\" cellpadding=\"0\">\n<tbody>\n<tr>\n<td class=\"x_e2ma-holder\" valign=\"top\">\n<div class=\"x_e2ma-content-block\">\n<div class=\"x_e2ma-p-div\" style=\"text-align: right;\"><strong><span class=\"x_e2ma-style\">3 de julio de 2024  <\/span><\/strong><\/div>\n<div class=\"x_e2ma-p-div\" style=\"text-align: left;\">\n<p>&nbsp;<\/p>\n<p>Estimados miembros y socios,<\/p>\n<p>Tras 14 incre\u00edbles a\u00f1os, la Conferencia Colorado Advocacy in Action<span class=\"mark07auqzjkr\" data-markjs=\"true\" data-ogac=\"\" data-ogab=\"\" data-ogsc=\"\" data-ogsb=\"\">(CAIA<\/span>) llegar\u00e1 a su fin. Desde 2011, la Coalici\u00f3n de Colorado contra la Agresi\u00f3n Sexual (CCASA) y Violence Free Colorado (VFC) han co-creado la conferencia como un lugar para que los defensores que trabajan para acabar con la violencia dom\u00e9stica y sexual se conecten y aprendan. Estamos muy orgullosos del personal de ambas coaliciones por el tiempo y el cuidado que han dedicado a la creaci\u00f3n de la conferencia. Nos sentimos honrados por la confianza que los defensores han depositado en nosotros como participantes, presentadores y colaboradores.   <\/p>\n<p>Tras muchos a\u00f1os de debate y negociaci\u00f3n entre las coaliciones, hemos decidido conjuntamente suspender la conferencia <span class=\"mark07auqzjkr\" data-markjs=\"true\" data-ogac=\"\" data-ogab=\"\" data-ogsc=\"\" data-ogsb=\"\">CAIA<\/span>. El \u00e9xito de cada conferencia ha sido el resultado de cientos de horas de trabajo y colaboraci\u00f3n, y aunque hemos podido conseguir muchas cosas buenas juntos, nuestras organizaciones han luchado por avanzar de forma productiva a trav\u00e9s del conflicto. Construir una visi\u00f3n compartida e implementar la conferencia juntos ha sido gratificante y desafiante. Creemos que el mejor paso siguiente para ambas coaliciones ser\u00e1 trabajar independientemente hacia nuestros objetivos compartidos.   <\/p>\n<p>La intenci\u00f3n y los objetivos de la conferencia <span class=\"mark07auqzjkr\" data-markjs=\"true\" data-ogac=\"\" data-ogab=\"\" data-ogsc=\"\" data-ogsb=\"\">CAIA<\/span> siguen siendo fundamentales para el trabajo de ambas coaliciones. Seguimos comprometidos a proporcionar formaci\u00f3n, asistencia t\u00e9cnica y apoyo a quienes prestan servicios directos a supervivientes de violencia sexual, violencia dom\u00e9stica, trata de seres humanos y acoso. <span class=\"mark07auqzjkr\" data-markjs=\"true\" data-ogac=\"\" data-ogab=\"\" data-ogsc=\"\" data-ogsb=\"\">CAIA<\/span> fue una gran parte de ese trabajo cada a\u00f1o. Lo echaremos de menos. Sin embargo, creemos que poner fin al <span class=\"mark07auqzjkr\" data-markjs=\"true\" data-ogac=\"\" data-ogab=\"\" data-ogsc=\"\" data-ogsb=\"\">CAIA<\/span> dejar\u00e1 espacio para nuevas formas de ense\u00f1ar, aprender y estar en comunidad contigo.   <\/p>\n<p>En los pr\u00f3ximos meses recibir\u00e1s noticias de VFC y CCASA sobre nuevas oportunidades. Mantente conectado a nuestros boletines, redes sociales y correo electr\u00f3nico para saber qu\u00e9 es lo pr\u00f3ximo. <\/p>\n<\/div>\n<\/div>\n<\/td>\n<\/tr>\n<\/tbody>\n<\/table>\n<\/td>\n<\/tr>\n<\/tbody>\n<\/table>\n<table id=\"x_block_ptsfnsiz\" class=\"x_e2ma-block-outer\" border=\"0\" width=\"100%\" cellspacing=\"0\" cellpadding=\"0\">\n<tbody>\n<tr>\n<td><\/td>\n<\/tr>\n<tr>\n<td class=\"x_e2ma-wrapper\" valign=\"top\">\n<table border=\"0\" width=\"100%\" cellspacing=\"0\" cellpadding=\"0\">\n<tbody>\n<tr>\n<td class=\"x_e2ma-holder\" valign=\"top\">\n<table border=\"0\" cellspacing=\"0\" cellpadding=\"0\">\n<tbody>\n<tr>\n<td valign=\"top\">\n<table border=\"0\" cellspacing=\"0\" cellpadding=\"0\">\n<tbody>\n<tr>\n<td class=\"x_e2ma-image-td\" valign=\"top\"><img fetchpriority=\"high\" decoding=\"async\" src=\"https:\/\/d31hzlhk6di2h5.cloudfront.net\/20240708\/2c\/f0\/3f\/93\/e915bb498094c436a0c518c1_1180x234.png\" alt=\"\" width=\"590\" height=\"117\" border=\"0\" data-imagetype=\"External\"><\/td>\n<\/tr>\n<\/tbody>\n<\/table>\n<\/td>\n<\/tr>\n<\/tbody>\n<\/table>\n<\/td>\n<\/tr>\n<\/tbody>\n<\/table>\n<\/td>\n<\/tr>\n<\/tbody>\n<\/table>\n<table id=\"x_block_exqzpawb\" class=\"x_e2ma-block-outer\" border=\"0\" width=\"100%\" cellspacing=\"0\" cellpadding=\"0\">\n<tbody>\n<tr>\n<td class=\"x_e2ma-wrapper x_e2ma-image-td\" valign=\"top\">\n<table border=\"0\" width=\"100%\" cellspacing=\"0\" cellpadding=\"0\">\n<tbody>\n<tr>\n<td class=\"x_e2ma-holder\" valign=\"top\">\n<div class=\"x_e2ma-content-block\">\n<div class=\"x_e2ma-p-div\"><span class=\"x_e2ma-style\"><strong>  Roshan Kalantar Brie Franklin  <\/strong><\/span><\/div>\n<div class=\"x_e2ma-p-div\"><span class=\"x_e2ma-style\"> <strong> Director Ejecutivo de VFC <\/strong>                      <strong> Director Ejecutivo de CCASA <\/strong> <\/span><\/div>\n<\/div>\n<\/td>\n<\/tr>\n<\/tbody>\n<\/table>\n<\/td>\n<\/tr>\n<\/tbody>\n<\/table>\n<p><img decoding=\"async\" class=\"alignnone wp-image-12210 lazyload\" data-src=\"https:\/\/violencefreecolorado.org\/wp-content\/uploads\/2024\/10\/018286d17cfccd1ebd8f8992_1280x424-300x99.png\" alt=\"\" width=\"909\" height=\"300\" data-srcset=\"https:\/\/violencefreecolorado.org\/wp-content\/uploads\/2024\/10\/018286d17cfccd1ebd8f8992_1280x424-300x99.png 300w, https:\/\/violencefreecolorado.org\/wp-content\/uploads\/2024\/10\/018286d17cfccd1ebd8f8992_1280x424-1024x339.png 1024w, https:\/\/violencefreecolorado.org\/wp-content\/uploads\/2024\/10\/018286d17cfccd1ebd8f8992_1280x424-768x254.png 768w, https:\/\/violencefreecolorado.org\/wp-content\/uploads\/2024\/10\/018286d17cfccd1ebd8f8992_1280x424.png 1280w\" data-sizes=\"(max-width: 909px) 100vw, 909px\" src=\"data:image\/svg+xml;base64,PHN2ZyB3aWR0aD0iMSIgaGVpZ2h0PSIxIiB4bWxucz0iaHR0cDovL3d3dy53My5vcmcvMjAwMC9zdmciPjwvc3ZnPg==\" style=\"--smush-placeholder-width: 909px; --smush-placeholder-aspect-ratio: 909\/300;\" \/><\/p>\n","protected":false},"excerpt":{"rendered":"<p>3 de julio de 2024 &nbsp; Estimados miembros y socios, Tras 14 incre\u00edbles a\u00f1os, la Conferencia Colorado Advocacy in Action(CAIA) llegar\u00e1 a su fin. Desde 2011, la Coalici\u00f3n de Colorado [&hellip;]<\/p>\n","protected":false},"author":6,"featured_media":0,"comment_status":"closed","ping_status":"closed","sticky":false,"template":"","format":"standard","meta":{"_acf_changed":false,"inline_featured_image":false,"site-sidebar-layout":"default","site-content-layout":"","ast-site-content-layout":"default","site-content-style":"default","site-sidebar-style":"default","ast-global-header-display":"","ast-banner-title-visibility":"","ast-main-header-display":"","ast-hfb-above-header-display":"","ast-hfb-below-header-display":"","ast-hfb-mobile-header-display":"","site-post-title":"","ast-breadcrumbs-content":"","ast-featured-img":"","footer-sml-layout":"","ast-disable-related-posts":"","theme-transparent-header-meta":"default","adv-header-id-meta":"","stick-header-meta":"","header-above-stick-meta":"","header-main-stick-meta":"","header-below-stick-meta":"","astra-migrate-meta-layouts":"default","ast-page-background-enabled":"default","ast-page-background-meta":{"desktop":{"background-color":"var(--ast-global-color-4)","background-image":"","background-repeat":"repeat","background-position":"center center","background-size":"auto","background-attachment":"scroll","background-type":"","background-media":"","overlay-type":"","overlay-color":"","overlay-opacity":"","overlay-gradient":""},"tablet":{"background-color":"","background-image":"","background-repeat":"repeat","background-position":"center center","background-size":"auto","background-attachment":"scroll","background-type":"","background-media":"","overlay-type":"","overlay-color":"","overlay-opacity":"","overlay-gradient":""},"mobile":{"background-color":"","background-image":"","background-repeat":"repeat","background-position":"center center","background-size":"auto","background-attachment":"scroll","background-type":"","background-media":"","overlay-type":"","overlay-color":"","overlay-opacity":"","overlay-gradient":""}},"ast-content-background-meta":{"desktop":{"background-color":"var(--ast-global-color-5)","background-image":"","background-repeat":"repeat","background-position":"center center","background-size":"auto","background-attachment":"scroll","background-type":"","background-media":"","overlay-type":"","overlay-color":"","overlay-opacity":"","overlay-gradient":""},"tablet":{"background-color":"var(--ast-global-color-5)","background-image":"","background-repeat":"repeat","background-position":"center center","background-size":"auto","background-attachment":"scroll","background-type":"","background-media":"","overlay-type":"","overlay-color":"","overlay-opacity":"","overlay-gradient":""},"mobile":{"background-color":"var(--ast-global-color-5)","background-image":"","background-repeat":"repeat","background-position":"center center","background-size":"auto","background-attachment":"scroll","background-type":"","background-media":"","overlay-type":"","overlay-color":"","overlay-opacity":"","overlay-gradient":""}},"footnotes":""},"categories":[144],"tags":[],"class_list":["post-16151","post","type-post","status-publish","format-standard","hentry","category-sin-categoria"],"acf":[],"_links":{"self":[{"href":"https:\/\/violencefreecolorado.org\/es\/wp-json\/wp\/v2\/posts\/16151","targetHints":{"allow":["GET"]}}],"collection":[{"href":"https:\/\/violencefreecolorado.org\/es\/wp-json\/wp\/v2\/posts"}],"about":[{"href":"https:\/\/violencefreecolorado.org\/es\/wp-json\/wp\/v2\/types\/post"}],"author":[{"embeddable":true,"href":"https:\/\/violencefreecolorado.org\/es\/wp-json\/wp\/v2\/users\/6"}],"replies":[{"embeddable":true,"href":"https:\/\/violencefreecolorado.org\/es\/wp-json\/wp\/v2\/comments?post=16151"}],"version-history":[{"count":0,"href":"https:\/\/violencefreecolorado.org\/es\/wp-json\/wp\/v2\/posts\/16151\/revisions"}],"wp:attachment":[{"href":"https:\/\/violencefreecolorado.org\/es\/wp-json\/wp\/v2\/media?parent=16151"}],"wp:term":[{"taxonomy":"category","embeddable":true,"href":"https:\/\/violencefreecolorado.org\/es\/wp-json\/wp\/v2\/categories?post=16151"},{"taxonomy":"post_tag","embeddable":true,"href":"https:\/\/violencefreecolorado.org\/es\/wp-json\/wp\/v2\/tags?post=16151"}],"curies":[{"name":"wp","href":"https:\/\/api.w.org\/{rel}","templated":true}]}}