{"id":16137,"date":"2020-03-13T13:38:33","date_gmt":"2020-03-13T20:38:33","guid":{"rendered":"https:\/\/violencefreecolorado.org\/informacion-importante-sobre-las-operaciones-durante-el-mes-de-marzo\/"},"modified":"2026-04-07T08:58:47","modified_gmt":"2026-04-07T15:58:47","slug":"informacion-importante-sobre-las-operaciones-durante-el-mes-de-marzo","status":"publish","type":"post","link":"https:\/\/violencefreecolorado.org\/es\/informacion-importante-sobre-las-operaciones-durante-el-mes-de-marzo\/","title":{"rendered":"Informaci\u00f3n importante sobre las operaciones durante el mes de marzo"},"content":{"rendered":"<p>Estimada comunidad de Colorado,<\/p>\n<p>Todos hemos recibido un bombardeo de informaci\u00f3n sobre la situaci\u00f3n del COVID-19 aqu\u00ed en Colorado, en nuestro pa\u00eds y en todo el mundo. Aqu\u00ed, en Colorado Libre de Violencia, sabemos que la violencia dom\u00e9stica y sexual no da tregua ni siquiera en momentos como \u00e9ste y, de hecho, las familias estar\u00e1n a\u00fan m\u00e1s estresadas con la p\u00e9rdida de trabajo, las escuelas cerradas y las realidades de esta enfermedad. Hemos estudiado detenidamente los avisos de los CDC y del Departamento de Salud P\u00fablica y Medio Ambiente de Colorado. Tambi\u00e9n estamos teniendo en cuenta la vulnerabilidad de la comunidad de discapacitados y de otras personas vulnerables que reciben servicios en nuestro edificio, y por ese motivo, Colorado Libre de Violencia est\u00e1 reduciendo nuestra presencia f\u00edsica en muchos espacios al menos durante lo que queda de marzo.<\/p>\n<p>Esto es lo que continuar\u00e1 por nuestra parte:<\/p>\n<ul>\n<li>El personal de la Coalici\u00f3n trabajar\u00e1 todos los d\u00edas. Trabajaremos principalmente desde nuestras casas, pero estaremos disponibles durante el horario laboral habitual (normalmente de lunes a viernes de 9 a 17 h) para llamadas telef\u00f3nicas, reuniones virtuales y similares. Si llamas, por favor, deja un mensaje. Recibimos los mensajes de voz de la oficina por correo electr\u00f3nico, y te devolveremos la llamada lo antes posible a partir de entonces, o no dudes en enviarnos un correo electr\u00f3nico.<\/li>\n<li>Seguiremos funcionando en relaci\u00f3n con nuestras organizaciones Miembro, ofreci\u00e9ndonos para convocar conversaciones, abogar en su nombre, y estaremos en contacto regular con ellas a medida que se desarrolle esta situaci\u00f3n.<\/li>\n<li>Si la legislatura sigue abierta, continuaremos nuestra presencia en el Capitolio para realizar un trabajo vital en apoyo de nuestras prioridades pol\u00edticas.<\/li>\n<li>Seguimos planeando impartir en persona la Formaci\u00f3n en Habilidades Fundamentales de Abogac\u00eda, que est\u00e1 prevista del<sup>15<\/sup> al<sup>17<\/sup> de abril en Denver.<\/li>\n<li>Las dem\u00e1s formaciones programadas de aqu\u00ed a finales de abril son virtuales y seguir\u00e1n su curso seg\u00fan lo previsto.<\/li>\n<\/ul>\n<p>Esto es lo que puede parecer diferente:<\/p>\n<ul>\n<li>Las reuniones pueden cancelarse, reprogramarse para una fecha posterior o pasar de ser presenciales a virtuales. Te iremos informando a medida que se celebren las reuniones.<\/li>\n<li>Aunque parece que muchos de nuestros socios tambi\u00e9n est\u00e1n trasladando las reuniones a plataformas virtuales, para los que no, evaluaremos el riesgo de exposici\u00f3n y determinaremos si debemos asistir en persona o pedir participar utilizando la tecnolog\u00eda.<\/li>\n<\/ul>\n<p>Aqu\u00ed, en Colorado Libre de Violencia, nos tomamos en serio el COVID-19 y reconocemos que somos miembros de una comunidad llena de personas que pueden correr un riesgo significativamente mayor que el coloradano medio. Creemos que podemos satisfacer las necesidades de nuestros electores minimizando al mismo tiempo el riesgo para nuestro personal y para todos aquellos con los que entramos en contacto. Al centrarnos en los m\u00e1s vulnerables de entre nosotros, sentimos que desempe\u00f1amos un papel activo en la prevenci\u00f3n de la propagaci\u00f3n de esta enfermedad. Tambi\u00e9n reconocemos el incre\u00edble privilegio que conlleva esta acci\u00f3n y estamos trabajando activamente para utilizar nuestra voz en apoyo de los habitantes de Colorado que no tienen tiempo libre remunerado, que se enfrentan a la perspectiva de perder su salario, que son vulnerables y tienen pocos recursos. Damos la bienvenida a cualquiera que quiera estar en comunidad con nosotros.<\/p>\n<p>La tuya,<\/p>\n<p>Amy<\/p>\n<p><strong>Amy Miller (<em>ella\/ellos<\/em>)<br \/>\n<\/strong>Directora Ejecutiva<br \/>\nViolence Free Colorado<\/p>\n","protected":false},"excerpt":{"rendered":"<p>Estimada comunidad de Colorado, Todos hemos recibido un bombardeo de informaci\u00f3n sobre la situaci\u00f3n del COVID-19 aqu\u00ed en Colorado, en nuestro pa\u00eds y en todo el mundo. Aqu\u00ed, en Colorado [&hellip;]<\/p>\n","protected":false},"author":1,"featured_media":0,"comment_status":"open","ping_status":"closed","sticky":false,"template":"","format":"standard","meta":{"_acf_changed":false,"inline_featured_image":false,"site-sidebar-layout":"default","site-content-layout":"","ast-site-content-layout":"default","site-content-style":"default","site-sidebar-style":"default","ast-global-header-display":"","ast-banner-title-visibility":"","ast-main-header-display":"","ast-hfb-above-header-display":"","ast-hfb-below-header-display":"","ast-hfb-mobile-header-display":"","site-post-title":"","ast-breadcrumbs-content":"","ast-featured-img":"","footer-sml-layout":"","ast-disable-related-posts":"","theme-transparent-header-meta":"","adv-header-id-meta":"","stick-header-meta":"","header-above-stick-meta":"","header-main-stick-meta":"","header-below-stick-meta":"","astra-migrate-meta-layouts":"default","ast-page-background-enabled":"default","ast-page-background-meta":{"desktop":{"background-color":"var(--ast-global-color-4)","background-image":"","background-repeat":"repeat","background-position":"center center","background-size":"auto","background-attachment":"scroll","background-type":"","background-media":"","overlay-type":"","overlay-color":"","overlay-opacity":"","overlay-gradient":""},"tablet":{"background-color":"","background-image":"","background-repeat":"repeat","background-position":"center center","background-size":"auto","background-attachment":"scroll","background-type":"","background-media":"","overlay-type":"","overlay-color":"","overlay-opacity":"","overlay-gradient":""},"mobile":{"background-color":"","background-image":"","background-repeat":"repeat","background-position":"center center","background-size":"auto","background-attachment":"scroll","background-type":"","background-media":"","overlay-type":"","overlay-color":"","overlay-opacity":"","overlay-gradient":""}},"ast-content-background-meta":{"desktop":{"background-color":"var(--ast-global-color-5)","background-image":"","background-repeat":"repeat","background-position":"center center","background-size":"auto","background-attachment":"scroll","background-type":"","background-media":"","overlay-type":"","overlay-color":"","overlay-opacity":"","overlay-gradient":""},"tablet":{"background-color":"var(--ast-global-color-5)","background-image":"","background-repeat":"repeat","background-position":"center center","background-size":"auto","background-attachment":"scroll","background-type":"","background-media":"","overlay-type":"","overlay-color":"","overlay-opacity":"","overlay-gradient":""},"mobile":{"background-color":"var(--ast-global-color-5)","background-image":"","background-repeat":"repeat","background-position":"center center","background-size":"auto","background-attachment":"scroll","background-type":"","background-media":"","overlay-type":"","overlay-color":"","overlay-opacity":"","overlay-gradient":""}},"footnotes":""},"categories":[152],"tags":[],"class_list":["post-16137","post","type-post","status-publish","format-standard","hentry","category-anuncios"],"acf":[],"_links":{"self":[{"href":"https:\/\/violencefreecolorado.org\/es\/wp-json\/wp\/v2\/posts\/16137","targetHints":{"allow":["GET"]}}],"collection":[{"href":"https:\/\/violencefreecolorado.org\/es\/wp-json\/wp\/v2\/posts"}],"about":[{"href":"https:\/\/violencefreecolorado.org\/es\/wp-json\/wp\/v2\/types\/post"}],"author":[{"embeddable":true,"href":"https:\/\/violencefreecolorado.org\/es\/wp-json\/wp\/v2\/users\/1"}],"replies":[{"embeddable":true,"href":"https:\/\/violencefreecolorado.org\/es\/wp-json\/wp\/v2\/comments?post=16137"}],"version-history":[{"count":1,"href":"https:\/\/violencefreecolorado.org\/es\/wp-json\/wp\/v2\/posts\/16137\/revisions"}],"predecessor-version":[{"id":16139,"href":"https:\/\/violencefreecolorado.org\/es\/wp-json\/wp\/v2\/posts\/16137\/revisions\/16139"}],"wp:attachment":[{"href":"https:\/\/violencefreecolorado.org\/es\/wp-json\/wp\/v2\/media?parent=16137"}],"wp:term":[{"taxonomy":"category","embeddable":true,"href":"https:\/\/violencefreecolorado.org\/es\/wp-json\/wp\/v2\/categories?post=16137"},{"taxonomy":"post_tag","embeddable":true,"href":"https:\/\/violencefreecolorado.org\/es\/wp-json\/wp\/v2\/tags?post=16137"}],"curies":[{"name":"wp","href":"https:\/\/api.w.org\/{rel}","templated":true}]}}